{"id":3454,"date":"2024-11-12T10:40:16","date_gmt":"2024-11-12T10:40:16","guid":{"rendered":"https:\/\/www.oncolifestyle.com\/?p=3454"},"modified":"2024-12-10T13:30:09","modified_gmt":"2024-12-10T13:30:09","slug":"lidar-com-o-cancro","status":"publish","type":"post","link":"https:\/\/www.oncolifestyle.com\/pt-pt\/saude-mental\/lidar-com-o-cancro\/","title":{"rendered":"Lidar com o cancro"},"content":{"rendered":"<div class=\"wpb-content-wrapper\"><p>[vc_row][vc_column][vc_column_text]<\/p>\n<p class=\"p1\">\u00c9 essencial prestar aten\u00e7\u00e3o regular ao bem-estar emocional e apercebermo-nos quando estados de esp\u00edrito negativos come\u00e7am a ter impacto na qualidade da nossa vida. O seu m\u00e9dico ir\u00e1 com certeza fazer-lhe perguntas sobre a sua sa\u00fade mental e \u00e9 importante dizer-lhe se est\u00e1 a ter dificuldades.<\/p>\n<p class=\"p1\">Compreender e falar sobre a causa do seu problema pode fazer com que seja mais f\u00e1cil encontrar solu\u00e7\u00f5es e viver de uma forma positiva com o cancro da pr\u00f3stata.<\/p>\n<p>[\/vc_column_text][\/vc_column][\/vc_row][vc_row][vc_column width=&#8221;1\/2&#8243;][vc_column_text]<strong class=\"text-red\">Porque n\u00e3o experimentar:<\/strong><\/p>\n<p class=\"p1\"><b>Falar com familiares e amigos<\/b> sobre como se est\u00e1 a sentir &#8211; a partilha do que lhe vai na cabe\u00e7a pode aliviar sentimentos de stress e ansiedade.<\/p>\n<p class=\"p1\"><b>Assegure-se que dorme bem de noite<\/b> e tenha em conta h\u00e1bitos de sono saud\u00e1veis que o ajudem a relaxar antes de ir dormir (como a medita\u00e7\u00e3o e ler um livro).<\/p>\n<p class=\"p1\"><b>Fazer mudan\u00e7as saud\u00e1veis ao estilo de vida.<\/b> Passos simples como a melhorar a alimenta\u00e7\u00e3o ou manter-se ativo fisicamente podem ajud\u00e1-lo a sentir-se mais em controlo da sua sa\u00fade e aliviar sentimentos de ansiedade e depress\u00e3o.<sup>1,2<\/sup><\/p>\n<p>[\/vc_column_text][vc_single_image image=&#8221;3287&#8243; img_size=&#8221;large&#8221; alignment=&#8221;center&#8221;][\/vc_column][vc_column width=&#8221;1\/2&#8243;][vc_single_image image=&#8221;3293&#8243; img_size=&#8221;large&#8221; alignment=&#8221;center&#8221;][\/vc_column][\/vc_row][vc_row][vc_column][vc_column_text]\n        <div class=\"social-share\">\n            <p>Partilhe esta not\u00edcia:<\/p>\n            <a class=\"share-facebook\" href=\"https:\/\/www.facebook.com\/sharer\/sharer.php?u=https%3A%2F%2Fwww.oncolifestyle.com%2Fpt-pt%2Fsaude-mental%2Flidar-com-o-cancro%2F\" target=\"_blank\"><i class=\"fab fa-facebook-f\"><\/i><\/a>\n            <a class=\"share-twitter\" href=\"https:\/\/twitter.com\/intent\/tweet?url=https%3A%2F%2Fwww.oncolifestyle.com%2Fpt-pt%2Fsaude-mental%2Flidar-com-o-cancro%2F\" target=\"_blank\"><i class=\"fab fa-x-twitter\"><\/i><\/a>\n            <a class=\"share-linkedin\" href=\"https:\/\/www.linkedin.com\/shareArticle?url=https%3A%2F%2Fwww.oncolifestyle.com%2Fpt-pt%2Fsaude-mental%2Flidar-com-o-cancro%2F\" target=\"_blank\"><i class=\"fab fa-linkedin-in\"><\/i><\/a>\n        <\/div>\n    [\/vc_column_text][\/vc_column][\/vc_row][vc_row][vc_column][vc_column_text]<\/p>\n<p class=\"p1\"><b>Fontes:<\/b><\/p>\n<ol>\n<li>S\u00e1nchez-Torralvo, F. J. et al. Relationship between malnutrition and the presence of symptoms of anxiety and depression in hospitalized cancer patients. Supportive Care in Cancer 30, 1607\u20131613 (2022).<\/li>\n<li>Misi\u0105g, W., Piszczyk, A., Szyma\u0144ska-Chabowska, A. &amp; Chabowski, M. Physical Activity and Cancer Care\u2014A Review. Cancers 14, (2022).<\/li>\n<\/ol>\n<p>[\/vc_column_text][\/vc_column][\/vc_row]<\/p>\n<\/div>","protected":false},"excerpt":{"rendered":"<p>[vc_row][vc_column][vc_column_text] \u00c9 essencial prestar aten\u00e7\u00e3o regular ao bem-estar emocional e apercebermo-nos quando estados de esp\u00edrito negativos come\u00e7am a ter impacto [&hellip;]<\/p>\n","protected":false},"author":1,"featured_media":3211,"comment_status":"closed","ping_status":"open","sticky":false,"template":"","format":"standard","meta":{"_acf_changed":false,"inline_featured_image":false,"footnotes":""},"categories":[78],"tags":[],"class_list":["post-3454","post","type-post","status-publish","format-standard","has-post-thumbnail","hentry","category-saude-mental"],"acf":[],"yoast_head":"<!-- This site is optimized with the Yoast SEO plugin v23.8 - https:\/\/yoast.com\/wordpress\/plugins\/seo\/ -->\n<title>Lidar com o cancro - Oncolifestyle<\/title>\n<meta name=\"robots\" content=\"index, follow, max-snippet:-1, max-image-preview:large, max-video-preview:-1\" \/>\n<link rel=\"canonical\" href=\"https:\/\/www.oncolifestyle.com\/pt-pt\/saude-mental\/lidar-com-o-cancro\/\" \/>\n<meta property=\"og:locale\" content=\"pt_PT\" \/>\n<meta property=\"og:type\" content=\"article\" \/>\n<meta property=\"og:title\" content=\"Lidar com o cancro - Oncolifestyle\" \/>\n<meta property=\"og:description\" content=\"[vc_row][vc_column][vc_column_text] \u00c9 essencial prestar aten\u00e7\u00e3o regular ao bem-estar emocional e apercebermo-nos quando estados de esp\u00edrito negativos come\u00e7am a ter impacto [&hellip;]\" \/>\n<meta property=\"og:url\" content=\"https:\/\/www.oncolifestyle.com\/pt-pt\/saude-mental\/lidar-com-o-cancro\/\" \/>\n<meta property=\"og:site_name\" content=\"Oncolifestyle\" \/>\n<meta property=\"article:published_time\" content=\"2024-11-12T10:40:16+00:00\" \/>\n<meta property=\"article:modified_time\" content=\"2024-12-10T13:30:09+00:00\" \/>\n<meta property=\"og:image\" content=\"https:\/\/www.oncolifestyle.com\/wp-content\/uploads\/2024\/11\/shutterstock_2476888627.jpg\" \/>\n\t<meta property=\"og:image:width\" content=\"1920\" \/>\n\t<meta property=\"og:image:height\" content=\"1313\" \/>\n\t<meta property=\"og:image:type\" content=\"image\/jpeg\" \/>\n<meta name=\"author\" content=\"debioadm\" \/>\n<meta name=\"twitter:card\" content=\"summary_large_image\" \/>\n<meta name=\"twitter:label1\" content=\"Escrito por\" \/>\n\t<meta name=\"twitter:data1\" content=\"debioadm\" \/>\n\t<meta name=\"twitter:label2\" content=\"Tempo estimado de leitura\" \/>\n\t<meta name=\"twitter:data2\" content=\"2 minutos\" \/>\n<script type=\"application\/ld+json\" class=\"yoast-schema-graph\">{\"@context\":\"https:\/\/schema.org\",\"@graph\":[{\"@type\":\"Article\",\"@id\":\"https:\/\/www.oncolifestyle.com\/pt-pt\/saude-mental\/lidar-com-o-cancro\/#article\",\"isPartOf\":{\"@id\":\"https:\/\/www.oncolifestyle.com\/pt-pt\/saude-mental\/lidar-com-o-cancro\/\"},\"author\":{\"name\":\"debioadm\",\"@id\":\"https:\/\/www.oncolifestyle.com\/pt-pt\/#\/schema\/person\/e510c4fac1761ac888972b3c0c0ad7d3\"},\"headline\":\"Lidar com o cancro\",\"datePublished\":\"2024-11-12T10:40:16+00:00\",\"dateModified\":\"2024-12-10T13:30:09+00:00\",\"mainEntityOfPage\":{\"@id\":\"https:\/\/www.oncolifestyle.com\/pt-pt\/saude-mental\/lidar-com-o-cancro\/\"},\"wordCount\":319,\"publisher\":{\"@id\":\"https:\/\/www.oncolifestyle.com\/pt-pt\/#organization\"},\"image\":{\"@id\":\"https:\/\/www.oncolifestyle.com\/pt-pt\/saude-mental\/lidar-com-o-cancro\/#primaryimage\"},\"thumbnailUrl\":\"https:\/\/www.oncolifestyle.com\/wp-content\/uploads\/2024\/11\/shutterstock_2476888627.jpg\",\"articleSection\":[\"Sa\u00fade Mental\"],\"inLanguage\":\"pt-PT\"},{\"@type\":\"WebPage\",\"@id\":\"https:\/\/www.oncolifestyle.com\/pt-pt\/saude-mental\/lidar-com-o-cancro\/\",\"url\":\"https:\/\/www.oncolifestyle.com\/pt-pt\/saude-mental\/lidar-com-o-cancro\/\",\"name\":\"Lidar com o cancro - Oncolifestyle\",\"isPartOf\":{\"@id\":\"https:\/\/www.oncolifestyle.com\/pt-pt\/#website\"},\"primaryImageOfPage\":{\"@id\":\"https:\/\/www.oncolifestyle.com\/pt-pt\/saude-mental\/lidar-com-o-cancro\/#primaryimage\"},\"image\":{\"@id\":\"https:\/\/www.oncolifestyle.com\/pt-pt\/saude-mental\/lidar-com-o-cancro\/#primaryimage\"},\"thumbnailUrl\":\"https:\/\/www.oncolifestyle.com\/wp-content\/uploads\/2024\/11\/shutterstock_2476888627.jpg\",\"datePublished\":\"2024-11-12T10:40:16+00:00\",\"dateModified\":\"2024-12-10T13:30:09+00:00\",\"breadcrumb\":{\"@id\":\"https:\/\/www.oncolifestyle.com\/pt-pt\/saude-mental\/lidar-com-o-cancro\/#breadcrumb\"},\"inLanguage\":\"pt-PT\",\"potentialAction\":[{\"@type\":\"ReadAction\",\"target\":[\"https:\/\/www.oncolifestyle.com\/pt-pt\/saude-mental\/lidar-com-o-cancro\/\"]}]},{\"@type\":\"ImageObject\",\"inLanguage\":\"pt-PT\",\"@id\":\"https:\/\/www.oncolifestyle.com\/pt-pt\/saude-mental\/lidar-com-o-cancro\/#primaryimage\",\"url\":\"https:\/\/www.oncolifestyle.com\/wp-content\/uploads\/2024\/11\/shutterstock_2476888627.jpg\",\"contentUrl\":\"https:\/\/www.oncolifestyle.com\/wp-content\/uploads\/2024\/11\/shutterstock_2476888627.jpg\",\"width\":1920,\"height\":1313},{\"@type\":\"BreadcrumbList\",\"@id\":\"https:\/\/www.oncolifestyle.com\/pt-pt\/saude-mental\/lidar-com-o-cancro\/#breadcrumb\",\"itemListElement\":[{\"@type\":\"ListItem\",\"position\":1,\"name\":\"Home\",\"item\":\"https:\/\/www.oncolifestyle.com\/pt-pt\/\"},{\"@type\":\"ListItem\",\"position\":2,\"name\":\"Lidar com o cancro\"}]},{\"@type\":\"WebSite\",\"@id\":\"https:\/\/www.oncolifestyle.com\/pt-pt\/#website\",\"url\":\"https:\/\/www.oncolifestyle.com\/pt-pt\/\",\"name\":\"Oncolifestyle\",\"description\":\"Helping people with cancer live well\",\"publisher\":{\"@id\":\"https:\/\/www.oncolifestyle.com\/pt-pt\/#organization\"},\"potentialAction\":[{\"@type\":\"SearchAction\",\"target\":{\"@type\":\"EntryPoint\",\"urlTemplate\":\"https:\/\/www.oncolifestyle.com\/pt-pt\/?s={search_term_string}\"},\"query-input\":{\"@type\":\"PropertyValueSpecification\",\"valueRequired\":true,\"valueName\":\"search_term_string\"}}],\"inLanguage\":\"pt-PT\"},{\"@type\":\"Organization\",\"@id\":\"https:\/\/www.oncolifestyle.com\/pt-pt\/#organization\",\"name\":\"Oncolifestyle\",\"url\":\"https:\/\/www.oncolifestyle.com\/pt-pt\/\",\"logo\":{\"@type\":\"ImageObject\",\"inLanguage\":\"pt-PT\",\"@id\":\"https:\/\/www.oncolifestyle.com\/pt-pt\/#\/schema\/logo\/image\/\",\"url\":\"https:\/\/www.oncolifestyle.com\/wp-content\/uploads\/2022\/08\/ONCO_LOGO_RGB_horizontal.png\",\"contentUrl\":\"https:\/\/www.oncolifestyle.com\/wp-content\/uploads\/2022\/08\/ONCO_LOGO_RGB_horizontal.png\",\"width\":2062,\"height\":434,\"caption\":\"Oncolifestyle\"},\"image\":{\"@id\":\"https:\/\/www.oncolifestyle.com\/pt-pt\/#\/schema\/logo\/image\/\"}},{\"@type\":\"Person\",\"@id\":\"https:\/\/www.oncolifestyle.com\/pt-pt\/#\/schema\/person\/e510c4fac1761ac888972b3c0c0ad7d3\",\"name\":\"debioadm\",\"image\":{\"@type\":\"ImageObject\",\"inLanguage\":\"pt-PT\",\"@id\":\"https:\/\/www.oncolifestyle.com\/pt-pt\/#\/schema\/person\/image\/\",\"url\":\"https:\/\/secure.gravatar.com\/avatar\/37da8177b5ab03bbf7ae3a519baf39384ff5559bda0be804ef605eb1de3f179b?s=96&d=mm&r=g\",\"contentUrl\":\"https:\/\/secure.gravatar.com\/avatar\/37da8177b5ab03bbf7ae3a519baf39384ff5559bda0be804ef605eb1de3f179b?s=96&d=mm&r=g\",\"caption\":\"debioadm\"},\"sameAs\":[\"https:\/\/www.oncolifestyle.com\"],\"url\":\"https:\/\/www.oncolifestyle.com\/pt-pt\/author\/debioadm\/\"}]}<\/script>\n<!-- \/ Yoast SEO plugin. -->","yoast_head_json":{"title":"Lidar com o cancro - Oncolifestyle","robots":{"index":"index","follow":"follow","max-snippet":"max-snippet:-1","max-image-preview":"max-image-preview:large","max-video-preview":"max-video-preview:-1"},"canonical":"https:\/\/www.oncolifestyle.com\/pt-pt\/saude-mental\/lidar-com-o-cancro\/","og_locale":"pt_PT","og_type":"article","og_title":"Lidar com o cancro - Oncolifestyle","og_description":"[vc_row][vc_column][vc_column_text] \u00c9 essencial prestar aten\u00e7\u00e3o regular ao bem-estar emocional e apercebermo-nos quando estados de esp\u00edrito negativos come\u00e7am a ter impacto [&hellip;]","og_url":"https:\/\/www.oncolifestyle.com\/pt-pt\/saude-mental\/lidar-com-o-cancro\/","og_site_name":"Oncolifestyle","article_published_time":"2024-11-12T10:40:16+00:00","article_modified_time":"2024-12-10T13:30:09+00:00","og_image":[{"width":1920,"height":1313,"url":"https:\/\/www.oncolifestyle.com\/wp-content\/uploads\/2024\/11\/shutterstock_2476888627.jpg","type":"image\/jpeg"}],"author":"debioadm","twitter_card":"summary_large_image","twitter_misc":{"Escrito por":"debioadm","Tempo estimado de leitura":"2 minutos"},"schema":{"@context":"https:\/\/schema.org","@graph":[{"@type":"Article","@id":"https:\/\/www.oncolifestyle.com\/pt-pt\/saude-mental\/lidar-com-o-cancro\/#article","isPartOf":{"@id":"https:\/\/www.oncolifestyle.com\/pt-pt\/saude-mental\/lidar-com-o-cancro\/"},"author":{"name":"debioadm","@id":"https:\/\/www.oncolifestyle.com\/pt-pt\/#\/schema\/person\/e510c4fac1761ac888972b3c0c0ad7d3"},"headline":"Lidar com o cancro","datePublished":"2024-11-12T10:40:16+00:00","dateModified":"2024-12-10T13:30:09+00:00","mainEntityOfPage":{"@id":"https:\/\/www.oncolifestyle.com\/pt-pt\/saude-mental\/lidar-com-o-cancro\/"},"wordCount":319,"publisher":{"@id":"https:\/\/www.oncolifestyle.com\/pt-pt\/#organization"},"image":{"@id":"https:\/\/www.oncolifestyle.com\/pt-pt\/saude-mental\/lidar-com-o-cancro\/#primaryimage"},"thumbnailUrl":"https:\/\/www.oncolifestyle.com\/wp-content\/uploads\/2024\/11\/shutterstock_2476888627.jpg","articleSection":["Sa\u00fade Mental"],"inLanguage":"pt-PT"},{"@type":"WebPage","@id":"https:\/\/www.oncolifestyle.com\/pt-pt\/saude-mental\/lidar-com-o-cancro\/","url":"https:\/\/www.oncolifestyle.com\/pt-pt\/saude-mental\/lidar-com-o-cancro\/","name":"Lidar com o cancro - Oncolifestyle","isPartOf":{"@id":"https:\/\/www.oncolifestyle.com\/pt-pt\/#website"},"primaryImageOfPage":{"@id":"https:\/\/www.oncolifestyle.com\/pt-pt\/saude-mental\/lidar-com-o-cancro\/#primaryimage"},"image":{"@id":"https:\/\/www.oncolifestyle.com\/pt-pt\/saude-mental\/lidar-com-o-cancro\/#primaryimage"},"thumbnailUrl":"https:\/\/www.oncolifestyle.com\/wp-content\/uploads\/2024\/11\/shutterstock_2476888627.jpg","datePublished":"2024-11-12T10:40:16+00:00","dateModified":"2024-12-10T13:30:09+00:00","breadcrumb":{"@id":"https:\/\/www.oncolifestyle.com\/pt-pt\/saude-mental\/lidar-com-o-cancro\/#breadcrumb"},"inLanguage":"pt-PT","potentialAction":[{"@type":"ReadAction","target":["https:\/\/www.oncolifestyle.com\/pt-pt\/saude-mental\/lidar-com-o-cancro\/"]}]},{"@type":"ImageObject","inLanguage":"pt-PT","@id":"https:\/\/www.oncolifestyle.com\/pt-pt\/saude-mental\/lidar-com-o-cancro\/#primaryimage","url":"https:\/\/www.oncolifestyle.com\/wp-content\/uploads\/2024\/11\/shutterstock_2476888627.jpg","contentUrl":"https:\/\/www.oncolifestyle.com\/wp-content\/uploads\/2024\/11\/shutterstock_2476888627.jpg","width":1920,"height":1313},{"@type":"BreadcrumbList","@id":"https:\/\/www.oncolifestyle.com\/pt-pt\/saude-mental\/lidar-com-o-cancro\/#breadcrumb","itemListElement":[{"@type":"ListItem","position":1,"name":"Home","item":"https:\/\/www.oncolifestyle.com\/pt-pt\/"},{"@type":"ListItem","position":2,"name":"Lidar com o cancro"}]},{"@type":"WebSite","@id":"https:\/\/www.oncolifestyle.com\/pt-pt\/#website","url":"https:\/\/www.oncolifestyle.com\/pt-pt\/","name":"Oncolifestyle","description":"Helping people with cancer live well","publisher":{"@id":"https:\/\/www.oncolifestyle.com\/pt-pt\/#organization"},"potentialAction":[{"@type":"SearchAction","target":{"@type":"EntryPoint","urlTemplate":"https:\/\/www.oncolifestyle.com\/pt-pt\/?s={search_term_string}"},"query-input":{"@type":"PropertyValueSpecification","valueRequired":true,"valueName":"search_term_string"}}],"inLanguage":"pt-PT"},{"@type":"Organization","@id":"https:\/\/www.oncolifestyle.com\/pt-pt\/#organization","name":"Oncolifestyle","url":"https:\/\/www.oncolifestyle.com\/pt-pt\/","logo":{"@type":"ImageObject","inLanguage":"pt-PT","@id":"https:\/\/www.oncolifestyle.com\/pt-pt\/#\/schema\/logo\/image\/","url":"https:\/\/www.oncolifestyle.com\/wp-content\/uploads\/2022\/08\/ONCO_LOGO_RGB_horizontal.png","contentUrl":"https:\/\/www.oncolifestyle.com\/wp-content\/uploads\/2022\/08\/ONCO_LOGO_RGB_horizontal.png","width":2062,"height":434,"caption":"Oncolifestyle"},"image":{"@id":"https:\/\/www.oncolifestyle.com\/pt-pt\/#\/schema\/logo\/image\/"}},{"@type":"Person","@id":"https:\/\/www.oncolifestyle.com\/pt-pt\/#\/schema\/person\/e510c4fac1761ac888972b3c0c0ad7d3","name":"debioadm","image":{"@type":"ImageObject","inLanguage":"pt-PT","@id":"https:\/\/www.oncolifestyle.com\/pt-pt\/#\/schema\/person\/image\/","url":"https:\/\/secure.gravatar.com\/avatar\/37da8177b5ab03bbf7ae3a519baf39384ff5559bda0be804ef605eb1de3f179b?s=96&d=mm&r=g","contentUrl":"https:\/\/secure.gravatar.com\/avatar\/37da8177b5ab03bbf7ae3a519baf39384ff5559bda0be804ef605eb1de3f179b?s=96&d=mm&r=g","caption":"debioadm"},"sameAs":["https:\/\/www.oncolifestyle.com"],"url":"https:\/\/www.oncolifestyle.com\/pt-pt\/author\/debioadm\/"}]}},"_links":{"self":[{"href":"https:\/\/www.oncolifestyle.com\/pt-pt\/wp-json\/wp\/v2\/posts\/3454","targetHints":{"allow":["GET"]}}],"collection":[{"href":"https:\/\/www.oncolifestyle.com\/pt-pt\/wp-json\/wp\/v2\/posts"}],"about":[{"href":"https:\/\/www.oncolifestyle.com\/pt-pt\/wp-json\/wp\/v2\/types\/post"}],"author":[{"embeddable":true,"href":"https:\/\/www.oncolifestyle.com\/pt-pt\/wp-json\/wp\/v2\/users\/1"}],"replies":[{"embeddable":true,"href":"https:\/\/www.oncolifestyle.com\/pt-pt\/wp-json\/wp\/v2\/comments?post=3454"}],"version-history":[{"count":4,"href":"https:\/\/www.oncolifestyle.com\/pt-pt\/wp-json\/wp\/v2\/posts\/3454\/revisions"}],"predecessor-version":[{"id":3482,"href":"https:\/\/www.oncolifestyle.com\/pt-pt\/wp-json\/wp\/v2\/posts\/3454\/revisions\/3482"}],"wp:featuredmedia":[{"embeddable":true,"href":"https:\/\/www.oncolifestyle.com\/pt-pt\/wp-json\/wp\/v2\/media\/3211"}],"wp:attachment":[{"href":"https:\/\/www.oncolifestyle.com\/pt-pt\/wp-json\/wp\/v2\/media?parent=3454"}],"wp:term":[{"taxonomy":"category","embeddable":true,"href":"https:\/\/www.oncolifestyle.com\/pt-pt\/wp-json\/wp\/v2\/categories?post=3454"},{"taxonomy":"post_tag","embeddable":true,"href":"https:\/\/www.oncolifestyle.com\/pt-pt\/wp-json\/wp\/v2\/tags?post=3454"}],"curies":[{"name":"wp","href":"https:\/\/api.w.org\/{rel}","templated":true}]}}